{"id":17502,"date":"2023-09-29T16:58:10","date_gmt":"2023-09-29T14:58:10","guid":{"rendered":"https:\/\/www.komedija.hr\/www\/?p=17502"},"modified":"2023-09-29T17:08:11","modified_gmt":"2023-09-29T15:08:11","slug":"u-klubu-kazalista-komedija-uskoro-premijera-suskindova-kontrabasa","status":"publish","type":"post","link":"https:\/\/dev.komedija.hr\/www\/u-klubu-kazalista-komedija-uskoro-premijera-suskindova-kontrabasa\/","title":{"rendered":"U Klubu Kazali\u0161ta Komedija uskoro premijera S\u00fcskindova &#8220;Kontrabasa&#8221; u izvedbi Filipa Serti\u0107a"},"content":{"rendered":"<h3>U ponedjeljak, 16. listopada 2023. u 20:00 sati u Klubu Kazali\u0161ta Komedija glumac <a href=\"#cmp-17494\">Filip Serti\u0107<\/a> premijerno \u0107e izvesti monodramu <a href=\"https:\/\/dev.komedija.hr\/www\/repertoar\/kontrabas\/\"><em>Kontrabas<\/em><\/a> Patricka S\u00fcskinda.&nbsp;<\/h3>\n<p>Predstave i filmovi uvijek se rade o velikim imenima, o onima koji su uspjeli, onima koji su u\u0161li u povijest. A \u0161to je s onima koji su se jednako trudili, a nisu uspjeli?<\/p>\n<p>Nije ovo pri\u010da o kraljevima, ni dr\u017eavnicima, o slavnim skladateljima ni nekoj drugoj znamenitoj li\u010dnosti. Ve\u0107 samo o jednom kontrabasistu. Pa \u0161to? Je li zato manje vrijedna pri\u010danja i ne bi ju trebalo pri\u010dati? Mo\u017eda \u0107e vas ba\u0161 zato dirnuti ravno u srce.<\/p>\n<p>U fokusu ove drame je glazbenik koji je cijeli \u017eivot podredio glazbi, a sada sjedi u zadnjem redu orkestra. \u0160to ako cijeli \u017eivot igramo po pravilima, poslu\u0161no i po\u017ertvovno, a \u017eivot nas za to ne nagradi? Predstava je oda onima koji su od \u017eivota o\u010dekivali vi\u0161e. Nasmijat \u0107e vas do suza, ali i potaknuti na razmi\u0161ljanje je li uspjeh kojim te\u017eimo zaista toliko va\u017ean<em>.<\/em>&nbsp;\u017divot nije fer. Doga\u0111a li se uistinu sve s razlogom? Za\u0161to su neki od nas talentiraniji, bogatiji ili ljep\u0161i od drugih? Za\u0161to neki sjede u prvom, a neki u zadnje redu orkestra?<\/p>\n<p>Uz koju \u010da\u0161icu previ\u0161e otkrit \u0107e vam na\u0161 antijunak sve o usamljenosti, anonimnosti i instrument kojeg ba\u0161 i ne voli. U maniri dobrih, starih romanti\u010dnih komedija, ili bolje re\u010deno tragikomedija na\u0161 kontrabasist u\u010dinit \u0107e sve da osvoji jednu sopranisticu. Ali izlazi li ona sasvim slu\u010dajno s dirigentom? Ili je ipak problem u instrumentu? \u010cime mu se zamjerio Mozart i \u0161to je jo\u0161 po\u0161lo po krivu u njegovu \u017eivotu otkrit \u0107e vam iz svog dnevnog boravka jedan\u2026 ime mu nije va\u017eno, kontrabasist!<\/p>\n<p>Labilan kontrabasist briljantna je paralela s unutarnjim borbama i previranjima dana\u0161njeg \u010dovjeka. Izrazito aktualan zbog naizgled brojnih prilika, ali istovremeno i rastu\u0107e anksioznosti, pravi je antijunak u kojem \u0107e se svak prepoznati.<\/p>\n<p>Patrick S\u00fcskind je njema\u010dki pisac i scenarist, autor svjetski poznatog bestsellera <em>Parfem<\/em> po kojem je snimljen i holivudski film. <em>Kontrabas<\/em> je svjetska uspje\u0161nica, tekst koji je preveden na 27 jezika i koji je postao jedan od najizvo\u0111enijih njema\u010dkih drama.<\/p>\n<p><strong>VI\u0160E O PREDSTAVI PRO\u010cITAJTE <a href=\"https:\/\/dev.komedija.hr\/www\/repertoar\/kontrabas\/\">OVDJE<\/a><\/strong><\/p>\n<p>Ulaznice za predstavu su u prodaji na blagajni Oktogon i <a href=\"https:\/\/www.ulaznice.hr\/web\/regular\/17807429\">online<\/a>.<\/p>\n<p>&nbsp;<\/p>\n","protected":false},"excerpt":{"rendered":"<p>U ponedjeljak, 16. listopada 2023. u 20:00 sati u Klubu Kazali\u0161ta Komedija glumac Filip Serti\u0107 premijerno \u0107e izvesti monodramu Kontrabas<\/p>\n","protected":false},"author":5,"featured_media":17503,"comment_status":"closed","ping_status":"open","sticky":false,"template":"","format":"standard","meta":{"ngg_post_thumbnail":0,"footnotes":""},"categories":[24],"tags":[],"class_list":["post-17502","post","type-post","status-publish","format-standard","has-post-thumbnail","hentry","category-novosti"],"_links":{"self":[{"href":"https:\/\/dev.komedija.hr\/www\/wp-json\/wp\/v2\/posts\/17502","targetHints":{"allow":["GET"]}}],"collection":[{"href":"https:\/\/dev.komedija.hr\/www\/wp-json\/wp\/v2\/posts"}],"about":[{"href":"https:\/\/dev.komedija.hr\/www\/wp-json\/wp\/v2\/types\/post"}],"author":[{"embeddable":true,"href":"https:\/\/dev.komedija.hr\/www\/wp-json\/wp\/v2\/users\/5"}],"replies":[{"embeddable":true,"href":"https:\/\/dev.komedija.hr\/www\/wp-json\/wp\/v2\/comments?post=17502"}],"version-history":[{"count":0,"href":"https:\/\/dev.komedija.hr\/www\/wp-json\/wp\/v2\/posts\/17502\/revisions"}],"wp:featuredmedia":[{"embeddable":true,"href":"https:\/\/dev.komedija.hr\/www\/wp-json\/wp\/v2\/media\/17503"}],"wp:attachment":[{"href":"https:\/\/dev.komedija.hr\/www\/wp-json\/wp\/v2\/media?parent=17502"}],"wp:term":[{"taxonomy":"category","embeddable":true,"href":"https:\/\/dev.komedija.hr\/www\/wp-json\/wp\/v2\/categories?post=17502"},{"taxonomy":"post_tag","embeddable":true,"href":"https:\/\/dev.komedija.hr\/www\/wp-json\/wp\/v2\/tags?post=17502"}],"curies":[{"name":"wp","href":"https:\/\/api.w.org\/{rel}","templated":true}]}}